{"id":73,"date":"2021-09-14T09:58:00","date_gmt":"2021-09-14T09:58:00","guid":{"rendered":"http:\/\/www.usrplus-sr.ro\/?p=73"},"modified":"2023-05-31T18:23:40","modified_gmt":"2023-05-31T18:23:40","slug":"intalnire-cu-cetatenii-comunei","status":"publish","type":"post","link":"http:\/\/www.usr-sr.ro\/index.php\/2021\/09\/14\/intalnire-cu-cetatenii-comunei\/","title":{"rendered":"\u00centalnire cu cet\u0103\u021benii comunei."},"content":{"rendered":"\n<p>Am participat, ast\u0103zi, la \u00eent\u00e2lnirea cu cet\u0103\u021benii comunei, al\u0103turi de vicepre\u0219edintele Consiliului Judetean, domnul <a href=\"https:\/\/www.facebook.com\/cristianmostimis\/?__cft__[0]=AZUNo5XuPojiWmEx0wTCHvhtv3APGyRsGly5_KxWkb3zFkDMHu-4sYKcyP6EcSCphlo0CjWLbG66mM7cFK1yHQC0xI3jwB5HTUkinsmkg-knZXS_YNciRv-90B45gl-IGfkuJdqJ1mFJHJzy00riMJVS&amp;__tn__=kK-R\">Cristian Mo\u0219<\/a>, de prefectul jude\u021bului Timi\u0219, domnul <a href=\"https:\/\/www.facebook.com\/ZoltanNemethTm\/?__cft__[0]=AZUNo5XuPojiWmEx0wTCHvhtv3APGyRsGly5_KxWkb3zFkDMHu-4sYKcyP6EcSCphlo0CjWLbG66mM7cFK1yHQC0xI3jwB5HTUkinsmkg-knZXS_YNciRv-90B45gl-IGfkuJdqJ1mFJHJzy00riMJVS&amp;__tn__=kK-R\">Zoltan Nemeth<\/a>, consilierul judetean <a href=\"https:\/\/www.facebook.com\/petre.mihaies?__cft__[0]=AZUNo5XuPojiWmEx0wTCHvhtv3APGyRsGly5_KxWkb3zFkDMHu-4sYKcyP6EcSCphlo0CjWLbG66mM7cFK1yHQC0xI3jwB5HTUkinsmkg-knZXS_YNciRv-90B45gl-IGfkuJdqJ1mFJHJzy00riMJVS&amp;__tn__=-]K-R\">Petre Mihaies<\/a> si cativa colegi din filiala locala.<\/p>\n\n\n\n<p>A\u0219a cum am anuntat anterior, \u00eent\u00e2lnirea a avut loc \u00een zona pie\u021bei agroalimentare S\u00e2nmihaiu Rom\u00e2n, unde am purtat o discu\u021bie ce a durat aproximativ 3 ore.<\/p>\n\n\n\n<p>Mul\u021bumesc tuturor cet\u0103\u021benilor care au participat \u0219i ne-au transmis problemele si sugestiile lor. Dorim sa facem din aceste \u00eent\u00e2lniri un lucru normal si periodic. La urmatoarea \u00eent\u00e2lnire vor fi analizate toate punctele dezb\u0103tute azi. Principalele probleme ridicate de locuitorii comunei au fost urm\u0103toarele:<\/p>\n\n\n\n<p><img loading=\"lazy\" decoding=\"async\" alt=\"\u2705\" src=\"https:\/\/static.xx.fbcdn.net\/images\/emoji.php\/v9\/t33\/1\/16\/2705.png\" width=\"16\" height=\"16\">1. Calitatea lucr\u0103rii la extindere re\u021belei de apa in Sanmihaiu Roman. Oamenii se pl\u00e2ng ca sunt probleme cu unele c\u0103mine instalate. Voi ridica aceast\u0103 problem\u0103 \u00een consiliul local, o parte importanta din fondurile acestui proiect venind din bugetul local. Trebuie s\u0103 ne asigur\u0103m c\u0103 recep\u021bia lucr\u0103rii se va face doar daca se respecta standardele de calitate.<\/p>\n\n\n\n<p><img loading=\"lazy\" decoding=\"async\" alt=\"\u2705\" src=\"https:\/\/static.xx.fbcdn.net\/images\/emoji.php\/v9\/t33\/1\/16\/2705.png\" width=\"16\" height=\"16\">2. Solicitarea informa\u021biilor de la Aquatim privind lucrarea de alimentare cu apa in Sanmihaiu German si daca sunt perspective pentru noi proiecte care sa extinda reteaua de canalizare in Sanmihaiu Roman.<\/p>\n\n\n\n<p><img loading=\"lazy\" decoding=\"async\" alt=\"\u2705\" src=\"https:\/\/static.xx.fbcdn.net\/images\/emoji.php\/v9\/t33\/1\/16\/2705.png\" width=\"16\" height=\"16\">3. A fost ridicata problema sigurantei rutiere, fiind prezentat exemplul trecerii de pietoni de la prim\u0103rie, care este foarte periculoas\u0103.Am precizat ca exista un proiect de Hotarare de consiliu local depus de mine, acum cateva luni, ce prevede instalarea unor treceri de pietoni supra\u00een\u0103l\u021bate (ca \u0219i \u00een Dumbravita). Am solicitat ajutorul Consiliului Judetean pentru a incerca sa gasim solutii in implementarea acestui proiect.Tot in contextul sigurantei rutiere a fost ridicata problema largirii soselei in zona curbei de 90 de grade dupa primarie, pe drumul spre Sacalaz.<\/p>\n\n\n\n<p><img loading=\"lazy\" decoding=\"async\" alt=\"\u2705\" src=\"https:\/\/static.xx.fbcdn.net\/images\/emoji.php\/v9\/t33\/1\/16\/2705.png\" width=\"16\" height=\"16\">4. Situatia retelei de gaz din comuna. A\u0219teptam sa vedem daca firma Premiere Energy \u00ee\u0219i va respecta promisiunile de a demara lucrarile la extinderea retelei in acest an, in functie de realitatea de pe teren \u0219i vom vedea ce masuri se pot lua.La fel cum am facut in trecut, voi solicita informa\u021bii suplimentare in urm\u0103toarea \u0219edin\u021b\u0103 de consiliu local, din partea primariei, care este parte a contractului de concesiune a retelei de gaz.<\/p>\n\n\n\n<p><img loading=\"lazy\" decoding=\"async\" alt=\"\u2705\" src=\"https:\/\/static.xx.fbcdn.net\/images\/emoji.php\/v9\/t33\/1\/16\/2705.png\" width=\"16\" height=\"16\">5. Foarte multi p\u0103rin\u021bi sunt nemul\u021bumi\u021bi pentru ca stadionul din Sanmihaiu Roman nu este deschis accesului tuturor copiilor din comuna.\u00cen\u021beleg faptul ca au fost probleme in trecut cu unele persoane ce au produs daune la banci, vestiare, dar trebuie s\u0103 g\u0103sim o solutie, sa stabilim un orar, care sa permita tuturor cet\u0103\u021benilor de buna credin\u021b\u0103 sa poata beneficia de acest stadion.<\/p>\n\n\n\n<p>Au fost ridicate si discutate mai multe probleme, le-am mentionat mai sus pe cele mai importante. Nu promitem ca rezolvam ca prin minune toate aceste probleme. Foarte multe dintre ele depind, in primul r\u00e2nd, de primarie si de majoritatea din consiliul local, dar vom face tot ce putem ca sa avansam si sa g\u0103sim solu\u021bii \u00eempreuna cu toti factorii din administratia locala si judeteana.<\/p>\n\n\n\n<p>Cosmin Buzan -consilier local USR-PLUS<\/p>\n","protected":false},"excerpt":{"rendered":"<p>Am participat, ast\u0103zi, la \u00eent\u00e2lnirea cu cet\u0103\u021benii comunei, al\u0103turi de vicepre\u0219edintele Consiliului Judetean, domnul Cristian Mo\u0219, de prefectul jude\u021bului Timi\u0219, domnul Zoltan Nemeth, consilierul judetean Petre Mihaies si cativa colegi din filiala locala. A\u0219a cum am anuntat anterior, \u00eent\u00e2lnirea a avut loc \u00een zona pie\u021bei agroalimentare S\u00e2nmihaiu Rom\u00e2n, unde am purtat o discu\u021bie ce a [&hellip;]<\/p>\n","protected":false},"author":1,"featured_media":326,"comment_status":"closed","ping_status":"closed","sticky":false,"template":"","format":"standard","meta":{"footnotes":""},"categories":[4],"tags":[],"class_list":["post-73","post","type-post","status-publish","format-standard","has-post-thumbnail","hentry","category-stiri-noi"],"rise-blocks_total_comments":0,"rise-blocks_categories":[{"term_id":4,"name":"Nout\u0103\u021bi","slug":"stiri-noi","term_group":0,"term_taxonomy_id":4,"taxonomy":"category","description":"","parent":0,"count":35,"filter":"raw","cat_ID":4,"category_count":35,"category_description":"","cat_name":"Nout\u0103\u021bi","category_nicename":"stiri-noi","category_parent":0}],"rise-blocks_excerpt":"Am participat, ast\u0103zi, la \u00eent\u00e2lnirea cu cet\u0103\u021benii comunei, al\u0103turi de vicepre\u0219edintele Consiliului Judetean, domnul Cristian Mo\u0219, de prefectul jude\u021bului Timi\u0219, domnul Zoltan Nemeth, consilierul judetean Petre Mihaies si cativa colegi din filiala locala. A\u0219a cum am anuntat anterior, \u00eent\u00e2lnirea a avut loc \u00een zona pie\u021bei agroalimentare S\u00e2nmihaiu Rom\u00e2n, unde am purtat o discu\u021bie ce a durat aproximativ 3 ore. Mul\u021bumesc..","_links":{"self":[{"href":"http:\/\/www.usr-sr.ro\/index.php\/wp-json\/wp\/v2\/posts\/73","targetHints":{"allow":["GET"]}}],"collection":[{"href":"http:\/\/www.usr-sr.ro\/index.php\/wp-json\/wp\/v2\/posts"}],"about":[{"href":"http:\/\/www.usr-sr.ro\/index.php\/wp-json\/wp\/v2\/types\/post"}],"author":[{"embeddable":true,"href":"http:\/\/www.usr-sr.ro\/index.php\/wp-json\/wp\/v2\/users\/1"}],"replies":[{"embeddable":true,"href":"http:\/\/www.usr-sr.ro\/index.php\/wp-json\/wp\/v2\/comments?post=73"}],"version-history":[{"count":2,"href":"http:\/\/www.usr-sr.ro\/index.php\/wp-json\/wp\/v2\/posts\/73\/revisions"}],"predecessor-version":[{"id":75,"href":"http:\/\/www.usr-sr.ro\/index.php\/wp-json\/wp\/v2\/posts\/73\/revisions\/75"}],"wp:featuredmedia":[{"embeddable":true,"href":"http:\/\/www.usr-sr.ro\/index.php\/wp-json\/wp\/v2\/media\/326"}],"wp:attachment":[{"href":"http:\/\/www.usr-sr.ro\/index.php\/wp-json\/wp\/v2\/media?parent=73"}],"wp:term":[{"taxonomy":"category","embeddable":true,"href":"http:\/\/www.usr-sr.ro\/index.php\/wp-json\/wp\/v2\/categories?post=73"},{"taxonomy":"post_tag","embeddable":true,"href":"http:\/\/www.usr-sr.ro\/index.php\/wp-json\/wp\/v2\/tags?post=73"}],"curies":[{"name":"wp","href":"https:\/\/api.w.org\/{rel}","templated":true}]}}